{"id":1674,"date":"2024-02-29T14:20:18","date_gmt":"2024-02-29T14:20:18","guid":{"rendered":"https:\/\/projektyepiar.kylos.pl\/jogamasaz\/?p=1674"},"modified":"2024-05-01T05:30:35","modified_gmt":"2024-05-01T05:30:35","slug":"aktulanosc1","status":"publish","type":"post","link":"https:\/\/joga.lublin.pl\/masaz-dzwiekiem-mis-i-gongow\/2024\/02\/29\/aktulanosc1\/","title":{"rendered":"\u015aRODY \u2013 GODZ .: 20.30 \u2013 SESJE POG\u0141\u0118BIONEGO RELAKSU Z D\u0179WI\u0118KIEM MIS I GONG\u00d3W W SZKOLE JOGI"},"content":{"rendered":"<p>[et_pb_section fb_built=&#8221;1&#8243; admin_label=&#8221;section&#8221; _builder_version=&#8221;4.24.1&#8243; background_color=&#8221;#eadeb8&#8243; global_colors_info=&#8221;{}&#8221; theme_builder_area=&#8221;post_content&#8221;][et_pb_row admin_label=&#8221;row&#8221; _builder_version=&#8221;4.16&#8243; background_size=&#8221;initial&#8221; background_position=&#8221;top_left&#8221; background_repeat=&#8221;repeat&#8221; global_colors_info=&#8221;{}&#8221; theme_builder_area=&#8221;post_content&#8221;][et_pb_column type=&#8221;4_4&#8243; _builder_version=&#8221;4.16&#8243; custom_padding=&#8221;|||&#8221; global_colors_info=&#8221;{}&#8221; custom_padding__hover=&#8221;|||&#8221; theme_builder_area=&#8221;post_content&#8221;][et_pb_post_title meta=&#8221;off&#8221; featured_image=&#8221;off&#8221; _builder_version=&#8221;4.24.3&#8243; _module_preset=&#8221;default&#8221; title_font=&#8221;Oswald||||||||&#8221; title_text_color=&#8221;#cc6633&#8243; global_colors_info=&#8221;{}&#8221; theme_builder_area=&#8221;post_content&#8221;][\/et_pb_post_title][et_pb_text _builder_version=&#8221;4.24.2&#8243; _module_preset=&#8221;default&#8221; global_colors_info=&#8221;{}&#8221; theme_builder_area=&#8221;post_content&#8221;]<\/p>\n<p>Aktualnie zapraszamy serdecznie na sesje pog\u0142\u0119bionego relaksu\u00a0w przestrzeni d\u017awi\u0119ku gong\u00f3w i mis<br \/>w ka\u017cd\u0105 <span style=\"color: #e02b20;\"><strong>\u015brod\u0119\u00a0o godz.: 20.30 \u2013 21.30<\/strong><\/span> do Szko\u0142y Jogi Tomasza Miszczuka w Lublinie przy ul.Cichej 10.<br \/>Na te sesje prosimy o<strong> zapisy na e-mail lub telefonicznie na 48 godz.przed sesj\u0105<\/strong>.<br \/>Sesje odbywaj\u0105 si\u0119 przy minimalnej obecno\u015bci <strong>4 os\u00f3b<\/strong>.<\/p>\n<p>Sesje te s\u0105 dost\u0119pne dla wszystkich ch\u0119tnych, r\u00f3wnie\u017c dla os\u00f3b nie uczestnicz\u0105cych w zaj\u0119ciach jogi.<br \/>Uczestnicy w trakcie masa\u017cu d\u017awi\u0119kiem przebywaj\u0105 w pozycji le\u017c\u0105cej, u\u0142o\u017ceni na grubej warstwie koc\u00f3w,<br \/>pod g\u0142ow\u0119 stosujemy poduszki oraz do przykrycia lekkie koce w zale\u017cno\u015bci od potrzeby.<br \/>Sesja trwa ok.: 45 &#8211; 55 min. W ka\u017cdej chwili mo\u017cna opu\u015bci\u0107 sal\u0119, jednak nie jest to zalecane, gdy\u017c przebywanie<br \/>w przestrzeni wype\u0142nionej d\u017awi\u0119kiem ma charakter oczyszczaj\u0105cy z napi\u0119\u0107 i blokad, kt\u00f3re uwalniaj\u0105c si\u0119<br \/>mog\u0105 czasami wywo\u0142ywa\u0107 stany mniej komfortowego samopoczucia. Nale\u017cy podkre\u015bli\u0107, i\u017c takie sytuacje<br \/>jak do tej pory nie mia\u0142y miejsca, a wi\u0119kszo\u015b\u0107 uczestnik\u00f3w do\u015bwiadcza\u0142a wspania\u0142ych stan\u00f3w&#8230;:)<br \/><strong>Wa\u017cne cechy oddzia\u0142ywania d\u017awi\u0119ku mis i gong\u00f3w to :<\/strong><br \/>&#8211; szybsze osi\u0105ganie stanu relaksacji i odpr\u0119\u017cenia<br \/>&#8211; zmniejszenie napi\u0119cia mi\u0119\u015bniowego i w uk\u0142adzie nerwowym oraz usuwanie blokad dzi\u0119ki g\u0142\u0119bokiemu odpr\u0119\u017ceniu<br \/>&#8211; harmonizowanie organizmu na poziomie kom\u00f3rkowym<br \/>&#8211; wzmacnianie si\u0142 samouzdrawiaj\u0105cych<br \/>&#8211; ca\u0142o\u015bciowe oddzia\u0142ywanie na wszystkie poziomy naszego istnienia<br \/>&#8211; odczuwane przez wi\u0119kszo\u015b\u0107 uczestnik\u00f3w odpr\u0119\u017cenie karku, plec\u00f3w, usuni\u0119cie b\u00f3l\u00f3w g\u0142owy,<br \/>uwalnianie od napi\u0119cia w podbrzuszu, uspokojenie i pog\u0142\u0119bienie oddechu<br \/>&#8211; regulacja przemiany materii<br \/>&#8211; sprzyjaj\u0105ce oddzia\u0142ywanie d\u017awi\u0119ku na kobiety w ci\u0105\u017cy<\/p>\n<p>ZAPRASZAMY SERDECZNIE DO ODBYCIA WSPANIA\u0141EJ PODR\u00d3\u017bY Z D\u0179WI\u0118KIEM MIS I GONG\u00d3W&#8230;:)<\/p>\n<p>[\/et_pb_text][\/et_pb_column][\/et_pb_row][\/et_pb_section]<\/p>\n","protected":false},"excerpt":{"rendered":"<p>Aktualnie zapraszamy serdecznie na sesje pog\u0142\u0119bionego relaksu\u00a0w przestrzeni d\u017awi\u0119ku gong\u00f3w i misw ka\u017cd\u0105 \u015brod\u0119\u00a0o godz.: 20.30 \u2013 21.30 do Szko\u0142y Jogi Tomasza Miszczuka w Lublinie przy ul.Cichej 10.Na te sesje prosimy o zapisy na e-mail lub telefonicznie na 48 godz.przed sesj\u0105.Sesje odbywaj\u0105 si\u0119 przy minimalnej obecno\u015bci 4 os\u00f3b. Sesje te s\u0105 dost\u0119pne dla wszystkich ch\u0119tnych, [&hellip;]<\/p>\n","protected":false},"author":1,"featured_media":0,"comment_status":"open","ping_status":"open","sticky":false,"template":"","format":"standard","meta":{"_et_pb_use_builder":"on","_et_pb_old_content":"","_et_gb_content_width":"1080","footnotes":""},"categories":[1],"tags":[],"class_list":["post-1674","post","type-post","status-publish","format-standard","hentry","category-uncategorized"],"_links":{"self":[{"href":"https:\/\/joga.lublin.pl\/masaz-dzwiekiem-mis-i-gongow\/wp-json\/wp\/v2\/posts\/1674","targetHints":{"allow":["GET"]}}],"collection":[{"href":"https:\/\/joga.lublin.pl\/masaz-dzwiekiem-mis-i-gongow\/wp-json\/wp\/v2\/posts"}],"about":[{"href":"https:\/\/joga.lublin.pl\/masaz-dzwiekiem-mis-i-gongow\/wp-json\/wp\/v2\/types\/post"}],"author":[{"embeddable":true,"href":"https:\/\/joga.lublin.pl\/masaz-dzwiekiem-mis-i-gongow\/wp-json\/wp\/v2\/users\/1"}],"replies":[{"embeddable":true,"href":"https:\/\/joga.lublin.pl\/masaz-dzwiekiem-mis-i-gongow\/wp-json\/wp\/v2\/comments?post=1674"}],"version-history":[{"count":9,"href":"https:\/\/joga.lublin.pl\/masaz-dzwiekiem-mis-i-gongow\/wp-json\/wp\/v2\/posts\/1674\/revisions"}],"predecessor-version":[{"id":1787,"href":"https:\/\/joga.lublin.pl\/masaz-dzwiekiem-mis-i-gongow\/wp-json\/wp\/v2\/posts\/1674\/revisions\/1787"}],"wp:attachment":[{"href":"https:\/\/joga.lublin.pl\/masaz-dzwiekiem-mis-i-gongow\/wp-json\/wp\/v2\/media?parent=1674"}],"wp:term":[{"taxonomy":"category","embeddable":true,"href":"https:\/\/joga.lublin.pl\/masaz-dzwiekiem-mis-i-gongow\/wp-json\/wp\/v2\/categories?post=1674"},{"taxonomy":"post_tag","embeddable":true,"href":"https:\/\/joga.lublin.pl\/masaz-dzwiekiem-mis-i-gongow\/wp-json\/wp\/v2\/tags?post=1674"}],"curies":[{"name":"wp","href":"https:\/\/api.w.org\/{rel}","templated":true}]}}