{"id":1653,"date":"2024-02-29T13:58:41","date_gmt":"2024-02-29T13:58:41","guid":{"rendered":"https:\/\/projektyepiar.kylos.pl\/jogamasaz\/?p=1653"},"modified":"2024-04-04T15:40:27","modified_gmt":"2024-04-04T15:40:27","slug":"aktualnosc2","status":"publish","type":"post","link":"https:\/\/joga.lublin.pl\/masaz-dzwiekiem-mis-i-gongow\/2024\/02\/29\/aktualnosc2\/","title":{"rendered":"24 \u2013 26 MARZEC 2017 WARSZTAT \u2013 SEMINARIUM Z D\u0179WI\u0118KIEM GONG\u00d3W I MIS \u2013 ROZW\u00d3J, HARMONIA, RYTUA\u0141Y ; STOCZEK K\/KRASIENINA \u2013 MD HERBERT SEITZ @ TOMASZ MISZCZUK"},"content":{"rendered":"<p>[et_pb_section fb_built=&#8221;1&#8243; admin_label=&#8221;section&#8221; _builder_version=&#8221;4.24.1&#8243; background_color=&#8221;#eadeb8&#8243; global_colors_info=&#8221;{}&#8221; theme_builder_area=&#8221;post_content&#8221;][et_pb_row admin_label=&#8221;row&#8221; _builder_version=&#8221;4.16&#8243; background_size=&#8221;initial&#8221; background_position=&#8221;top_left&#8221; background_repeat=&#8221;repeat&#8221; global_colors_info=&#8221;{}&#8221; theme_builder_area=&#8221;post_content&#8221;][et_pb_column type=&#8221;4_4&#8243; _builder_version=&#8221;4.16&#8243; custom_padding=&#8221;|||&#8221; global_colors_info=&#8221;{}&#8221; custom_padding__hover=&#8221;|||&#8221; theme_builder_area=&#8221;post_content&#8221;][et_pb_post_title meta=&#8221;off&#8221; featured_image=&#8221;off&#8221; _builder_version=&#8221;4.24.3&#8243; _module_preset=&#8221;default&#8221; title_text_color=&#8221;#cc6633&#8243; hover_enabled=&#8221;0&#8243; global_colors_info=&#8221;{}&#8221; theme_builder_area=&#8221;post_content&#8221; title_font=&#8221;Oswald||||||||&#8221; sticky_enabled=&#8221;0&#8243;][\/et_pb_post_title][\/et_pb_column][\/et_pb_row][et_pb_row column_structure=&#8221;3_4,1_4&#8243; admin_label=&#8221;row&#8221; _builder_version=&#8221;4.16&#8243; background_size=&#8221;initial&#8221; background_position=&#8221;top_left&#8221; background_repeat=&#8221;repeat&#8221; global_colors_info=&#8221;{}&#8221; theme_builder_area=&#8221;post_content&#8221;][et_pb_column type=&#8221;3_4&#8243; _builder_version=&#8221;4.16&#8243; custom_padding=&#8221;|||&#8221; global_colors_info=&#8221;{}&#8221; custom_padding__hover=&#8221;|||&#8221; theme_builder_area=&#8221;post_content&#8221;][et_pb_text _builder_version=&#8221;4.24.2&#8243; _module_preset=&#8221;default&#8221; global_colors_info=&#8221;{}&#8221; theme_builder_area=&#8221;post_content&#8221;]<\/p>\n<p><!--more--><\/p>\n<p><strong><span style=\"color: #ff6600;\">24 \u2013 26 MARZEC 2017 \u2013 ( 2 i 1\/2 \u00a0DNI )<\/span><br \/><\/strong><b><strong>WARSZTAT \u2013 SEMINARIUM Z D\u0179WI\u0118KIEM GONG\u00d3W I MIS<br \/><\/strong><\/b><b><strong>\u2013 ROZW\u00d3J, HARMONIA, RYTUA\u0141Y W STOCZKU K\/KRASIENINA<br \/><\/strong><\/b><strong>ORGANIZATOR : SZKO\u0141A JOGI TOMASZA MISZCZUKA LUBLIN<br \/><\/strong>i\u00a0<strong>MD Herbert Seitz ( AUSTRIA )<br \/><\/strong><\/p>\n<div>\n<div><\/div>\n<div>\n<p>Szko\u0142a Jogi Tomasza Miszczuka w Lublinie zaprasza na warsztat z d\u017awi\u0119kiem w Stoczku k\/Krasienina;<br \/>25 km od Lublina ( Koz\u0142owiecki Park Krajobrazowy )<br \/>w dniach <strong>24 \u2013 26. 3. 2017 r.<\/strong><b><br \/><\/b>Zaj\u0119cia poprowadzi :\u00a0<strong>MD Herbert Seitz<\/strong><br \/>Asysta :\u00a0<strong>Tomasz Miszczuk<\/strong><br \/>Posi\u0142ki przygotuje : <strong>Piotr Karnikowski<\/strong><br \/>T\u0142umaczenie :\u00a0<strong>Konrad \u0141yjak<\/strong><br \/><b>KOSZT WARSZTATU : <\/b><strong>500 Z\u0141 ( ZAJ\u0118CIA I WY\u017bYWIENIE )<\/strong><b><br \/>KOSZT NOCLEG\u00d3W :<\/b>\u00a0<strong>100 Z\u0141<br \/>ROZPOCZ\u0118CIE \u00a024. 3. 2017 r. ( PI\u0104TEK ) O GODZ.: 18.00 \u2013 POWITANIE I KOLACJA<br \/>ZAKO\u0143CZENIE \u00a026. 3. 2017 r. ( NIEDZIELA ) PO KOLACJI I PO\u017bEGNANIU OK.GODZ.: 20.00<br \/>WYMAGANA OBECNO\u015a\u0106 NA CA\u0141YM WARSZTACIE<\/strong>.<br \/><b>MO\u017bLIWE JEST UCZESTNICZENIE TYLKO W ZAJ\u0118CIACH I WY\u017bYWIENIE BEZ NOCLEG\u00d3W<\/b><\/p>\n<p><b>Warsztat \u2013 seminarium<\/b>\u00a0jest dedykowany osobom, kt\u00f3re chc\u0105 odczu\u0107 siebie intensywniej, g\u0142\u0119biej,<br \/>pragn\u0105 zbudowa\u0107 dobr\u0105 komunikacj\u0119 ze swoim wn\u0119trzem, doceni\u0107 i budowa\u0107 w\u0142asn\u0105 warto\u015b\u0107,<br \/>odczu\u0107 silniej relacje istniej\u0105ce pomi\u0119dzy lud\u017ami i z natur\u0105, zbli\u017cy\u0107 si\u0119 i czerpa\u0107 energi\u0119 ze \u017ar\u00f3d\u0142a, kt\u00f3re istnieje<br \/>w ka\u017cdym z nas.<br \/>W trakcie zaj\u0119\u0107 poszerzysz swoj\u0105 wiedz\u0119 o oddzia\u0142ywaniu d\u017awi\u0119ku mis i gong\u00f3w,<br \/>rytmie\u00a0i energii tych instrument\u00f3w.<br \/>Doktor medycyny\u00a0<strong>Herbert Seitz\u00a0<\/strong>od ponad 25 lat lat zajmuje si\u0119 d\u017awi\u0119kiem i ustawianiem balansu pomi\u0119dzy<br \/>dusz\u0105, umys\u0142em i cia\u0142em cz\u0142owieka wykorzystuj\u0105c energi\u0119 d\u017awi\u0119ku, wydobywaj\u0105c j\u0105 z gong\u00f3w i mis d\u017awi\u0119kowych.<br \/>Herbert\u00a0Seitz \u2013 nauczyciel i terapeuta d\u017awi\u0119kiem pracuje w wielu krajach europejskich,<br \/>prowadzi r\u00f3wnie\u017c rytua\u0142y z zastosowaniem energii d\u017awi\u0119ku.<\/p>\n<p><span style=\"color: #ff9900;\"><strong>PROGRAM DNI :<\/strong><\/span><br \/><strong>PI\u0104TEK :<\/strong><b><br \/><\/b>18.00 \u00a0powitanie + d\u017awi\u0119k<br \/>ok.20.00 \u00a0kolacja<b><br \/><\/b><strong>SOBOTA :<\/strong><b><br \/><\/b>8.00 \u2013 9.00 \u00a0przestrze\u0144 d\u017awi\u0119kowa<br \/>ok. 9.15 \u00a0\u015bniadanie<br \/>10.00 \u2013 12.30 \u00a0sesja seminaryjna z d\u017awi\u0119kiem<br \/>ok. 13.00 \u00a0obiad<br \/>do 16.00 \u00a0czas wolny dla grupy \u2013 w tym czasie mo\u017cliwe s\u0105 indywidualne zaj\u0119cia<br \/>uczestnik\u00f3w z Herbertem<br \/>16.00 \u2013 18.00 \u00a0seminarium \u2013 rytua\u0142y z d\u017awi\u0119kiem<br \/>ok. 18.30 \u00a0kolacja<br \/>19.30 \u00a0medytacja i rytua\u0142y z d\u017awi\u0119kiem<br \/>ok. 23.00 \u00a0cisza nocna<br \/><strong>NIEDZIELA :<\/strong><br \/>8.00 \u2013 9.00 \u00a0przestrze\u0144 d\u017awi\u0119kowa<br \/>ok. 9.15 \u00a0\u015bniadanie<br \/>10.00 \u2013 12.30 \u00a0sesja seminaryjna z d\u017awi\u0119kiem<br \/>ok. 13.00 \u00a0obiad<br \/>do 16.00 \u00a0czas wolny dla grupy \u2013 w tym czasie mo\u017cliwe s\u0105 indywidualne zaj\u0119cia<br \/>uczestnik\u00f3w z Herbertem<br \/>16.00 \u2013 18.00 \u00a0seminarium \u2013 rytua\u0142y z d\u017awi\u0119kiem<br \/>ok. 18.30 \u00a0kolacja<\/p>\n<p><strong>UWAGA !!! \u2013 POSI\u0141KI WEGETARIA\u0143SKIE<\/strong><\/p>\n<p><strong>WARUNKI UCZESTNICTWA I OP\u0141ATY :<br \/><\/strong>Prosimy o zg\u0142oszenie uczestnictwa mailem (\u00a0<a href=\"mailto:info@joga.lublin.pl\">info@joga.lublin.pl<\/a>\u00a0)<br \/>lub telefonicznie ( + 48 602 279 057 ) wraz z wp\u0142at\u0105 ca\u0142ej kwoty <strong>600 z\u0142 do dnia 10<\/strong><strong>. 3. 2017 r.<br \/><\/strong>UWAGA !!! \u00a0OB\u00d3Z ODB\u0118DZIE SI\u0118 PRZY MINIMALNEJ OBECNO\u015aCI 6 OS\u00d3B<br \/>\u2013 PROSIMY O ZG\u0141OSZENIA WRAZ Z WP\u0141AT\u0104<br \/>W RAZIE REZYGNACJI PO <strong>\u00a020. 3. 2017 r.<br \/><\/strong>KWOTA wp\u0142acona POZOSTANIE BEZZWROTNA.<br \/>Zwrot ca\u0142ej kwoty w przypadku odwo\u0142ania warsztatu.<br \/><strong>Wp\u0142aty<\/strong> prosimy kierowa\u0107 na konto:<br \/><strong>Tomasz Miszczuk ; 50 1020 5558 1111 1206 7280 0008<\/strong><\/p>\n<p><strong>ZAPRASZAMY SERDECZNIE !!!<\/strong><\/p>\n<\/div>\n<\/div>\n<p>[\/et_pb_text][\/et_pb_column][et_pb_column type=&#8221;1_4&#8243; _builder_version=&#8221;4.16&#8243; custom_padding=&#8221;|||&#8221; global_colors_info=&#8221;{}&#8221; custom_padding__hover=&#8221;|||&#8221; theme_builder_area=&#8221;post_content&#8221;][et_pb_image src=&#8221;https:\/\/joga.lublin.pl\/masaz-dzwiekiem-mis-i-gongow\/wp-content\/uploads\/2024\/02\/4.jpg&#8221; title_text=&#8221;4&#8243; _builder_version=&#8221;4.24.2&#8243; _module_preset=&#8221;default&#8221; global_colors_info=&#8221;{}&#8221; theme_builder_area=&#8221;post_content&#8221;][\/et_pb_image][et_pb_image src=&#8221;https:\/\/joga.lublin.pl\/masaz-dzwiekiem-mis-i-gongow\/wp-content\/uploads\/2024\/02\/droga-1.jpg&#8221; title_text=&#8221;droga&#8230;&#8221; _builder_version=&#8221;4.24.2&#8243; _module_preset=&#8221;default&#8221; global_colors_info=&#8221;{}&#8221; theme_builder_area=&#8221;post_content&#8221;][\/et_pb_image][et_pb_image src=&#8221;https:\/\/joga.lublin.pl\/masaz-dzwiekiem-mis-i-gongow\/wp-content\/uploads\/2024\/02\/IMG_0131-300&#215;225-2.jpg&#8221; title_text=&#8221;IMG_0131-300&#215;225&#8243; _builder_version=&#8221;4.24.2&#8243; _module_preset=&#8221;default&#8221; global_colors_info=&#8221;{}&#8221; theme_builder_area=&#8221;post_content&#8221;][\/et_pb_image][et_pb_image src=&#8221;https:\/\/joga.lublin.pl\/masaz-dzwiekiem-mis-i-gongow\/wp-content\/uploads\/2024\/02\/grupa.jpg&#8221; title_text=&#8221;grupa&#8230;&#8221; _builder_version=&#8221;4.24.2&#8243; _module_preset=&#8221;default&#8221; global_colors_info=&#8221;{}&#8221; theme_builder_area=&#8221;post_content&#8221;][\/et_pb_image][et_pb_image src=&#8221;https:\/\/joga.lublin.pl\/masaz-dzwiekiem-mis-i-gongow\/wp-content\/uploads\/2024\/02\/rewal2009-080-300&#215;225-2.jpg&#8221; title_text=&#8221;rewal2009-080-300&#215;225&#8243; _builder_version=&#8221;4.24.2&#8243; _module_preset=&#8221;default&#8221; global_colors_info=&#8221;{}&#8221; theme_builder_area=&#8221;post_content&#8221;][\/et_pb_image][\/et_pb_column][\/et_pb_row][\/et_pb_section]<\/p>\n","protected":false},"excerpt":{"rendered":"<p>24 \u2013 26 MARZEC 2017 \u2013 ( 2 i 1\/2 \u00a0DNI )WARSZTAT \u2013 SEMINARIUM Z D\u0179WI\u0118KIEM GONG\u00d3W I MIS\u2013 ROZW\u00d3J, HARMONIA, RYTUA\u0141Y W STOCZKU K\/KRASIENINAORGANIZATOR : SZKO\u0141A JOGI TOMASZA MISZCZUKA LUBLINi\u00a0MD Herbert Seitz ( AUSTRIA ) Szko\u0142a Jogi Tomasza Miszczuka w Lublinie zaprasza na warsztat z d\u017awi\u0119kiem w Stoczku k\/Krasienina;25 km od Lublina ( Koz\u0142owiecki [&hellip;]<\/p>\n","protected":false},"author":1,"featured_media":0,"comment_status":"open","ping_status":"open","sticky":false,"template":"","format":"standard","meta":{"_et_pb_use_builder":"on","_et_pb_old_content":"<!-- wp:divi\/placeholder \/-->","_et_gb_content_width":"2880","footnotes":""},"categories":[1],"tags":[],"class_list":["post-1653","post","type-post","status-publish","format-standard","hentry","category-uncategorized"],"_links":{"self":[{"href":"https:\/\/joga.lublin.pl\/masaz-dzwiekiem-mis-i-gongow\/wp-json\/wp\/v2\/posts\/1653","targetHints":{"allow":["GET"]}}],"collection":[{"href":"https:\/\/joga.lublin.pl\/masaz-dzwiekiem-mis-i-gongow\/wp-json\/wp\/v2\/posts"}],"about":[{"href":"https:\/\/joga.lublin.pl\/masaz-dzwiekiem-mis-i-gongow\/wp-json\/wp\/v2\/types\/post"}],"author":[{"embeddable":true,"href":"https:\/\/joga.lublin.pl\/masaz-dzwiekiem-mis-i-gongow\/wp-json\/wp\/v2\/users\/1"}],"replies":[{"embeddable":true,"href":"https:\/\/joga.lublin.pl\/masaz-dzwiekiem-mis-i-gongow\/wp-json\/wp\/v2\/comments?post=1653"}],"version-history":[{"count":10,"href":"https:\/\/joga.lublin.pl\/masaz-dzwiekiem-mis-i-gongow\/wp-json\/wp\/v2\/posts\/1653\/revisions"}],"predecessor-version":[{"id":1741,"href":"https:\/\/joga.lublin.pl\/masaz-dzwiekiem-mis-i-gongow\/wp-json\/wp\/v2\/posts\/1653\/revisions\/1741"}],"wp:attachment":[{"href":"https:\/\/joga.lublin.pl\/masaz-dzwiekiem-mis-i-gongow\/wp-json\/wp\/v2\/media?parent=1653"}],"wp:term":[{"taxonomy":"category","embeddable":true,"href":"https:\/\/joga.lublin.pl\/masaz-dzwiekiem-mis-i-gongow\/wp-json\/wp\/v2\/categories?post=1653"},{"taxonomy":"post_tag","embeddable":true,"href":"https:\/\/joga.lublin.pl\/masaz-dzwiekiem-mis-i-gongow\/wp-json\/wp\/v2\/tags?post=1653"}],"curies":[{"name":"wp","href":"https:\/\/api.w.org\/{rel}","templated":true}]}}